{"id":12295,"date":"2022-05-03T15:00:31","date_gmt":"2022-05-03T13:00:31","guid":{"rendered":"https:\/\/www.bouquetdalella.com\/2022\/05\/03\/green-pruning-workshop\/"},"modified":"2022-05-03T15:13:13","modified_gmt":"2022-05-03T13:13:13","slug":"green-pruning-workshop","status":"publish","type":"post","link":"https:\/\/www.bouquetdalella.com\/en\/green-pruning-workshop\/","title":{"rendered":"Green pruning workshop"},"content":{"rendered":"<p>Each season of the year gives us different colors and shapes to the vineyard. Now that it is the budding season, the burst of green begins timidly and the sun makes the shoots and the first flowers of the vine shine. Green vineyards by the sea&#8230; Don&#8217;t miss out on the life of nature! We are waiting for you on Sunday, <strong>May 8 at 10 a.m.<\/strong> to enjoy the combined activity: a workshop on despampolating the strain and a fork breakfast paired with the Nou Antig\u00f3 Restaurant.<\/p>\n","protected":false},"excerpt":{"rendered":"<p>Each season of the year gives us different colors and shapes to the vineyard. Now that it is the budding season, the burst of green begins timidly and the sun makes the shoots and the first flowers of the vine shine. Green vineyards by the sea&#8230; Don&#8217;t miss out on the life of nature! We [&hellip;]<\/p>\n","protected":false},"author":1,"featured_media":6190,"comment_status":"open","ping_status":"open","sticky":false,"template":"","format":"standard","meta":{"footnotes":""},"categories":[187],"tags":[],"class_list":["post-12295","post","type-post","status-publish","format-standard","has-post-thumbnail","hentry","category-news"],"yoast_head":"<!-- This site is optimized with the Yoast SEO plugin v27.5 - https:\/\/yoast.com\/product\/yoast-seo-wordpress\/ -->\n<title>Green pruning workshop - Bouquet d&#039;Alella<\/title>\n<meta name=\"robots\" content=\"index, follow, max-snippet:-1, max-image-preview:large, max-video-preview:-1\" \/>\n<link rel=\"canonical\" href=\"https:\/\/www.bouquetdalella.com\/en\/green-pruning-workshop\/\" \/>\n<meta property=\"og:locale\" content=\"en_US\" \/>\n<meta property=\"og:type\" content=\"article\" \/>\n<meta property=\"og:title\" content=\"Green pruning workshop - Bouquet d&#039;Alella\" \/>\n<meta property=\"og:description\" content=\"Each season of the year gives us different colors and shapes to the vineyard. Now that it is the budding season, the burst of green begins timidly and the sun makes the shoots and the first flowers of the vine shine. Green vineyards by the sea&#8230; Don&#8217;t miss out on the life of nature! We [&hellip;]\" \/>\n<meta property=\"og:url\" content=\"https:\/\/www.bouquetdalella.com\/en\/green-pruning-workshop\/\" \/>\n<meta property=\"og:site_name\" content=\"Bouquet d&#039;Alella\" \/>\n<meta property=\"article:published_time\" content=\"2022-05-03T13:00:31+00:00\" \/>\n<meta property=\"article:modified_time\" content=\"2022-05-03T13:13:13+00:00\" \/>\n<meta property=\"og:image\" content=\"https:\/\/www.bouquetdalella.com\/wp-content\/uploads\/2023\/04\/post-6-1-1.png\" \/>\n\t<meta property=\"og:image:width\" content=\"1080\" \/>\n\t<meta property=\"og:image:height\" content=\"1080\" \/>\n\t<meta property=\"og:image:type\" content=\"image\/png\" \/>\n<meta name=\"author\" content=\"Bouquet Alella\" \/>\n<meta name=\"twitter:card\" content=\"summary_large_image\" \/>\n<meta name=\"twitter:label1\" content=\"Written by\" \/>\n\t<meta name=\"twitter:data1\" content=\"Bouquet Alella\" \/>\n\t<meta name=\"twitter:label2\" content=\"Est. reading time\" \/>\n\t<meta name=\"twitter:data2\" content=\"1 minute\" \/>\n<script type=\"application\/ld+json\" class=\"yoast-schema-graph\">{\"@context\":\"https:\\\/\\\/schema.org\",\"@graph\":[{\"@type\":\"Article\",\"@id\":\"https:\\\/\\\/www.bouquetdalella.com\\\/en\\\/green-pruning-workshop\\\/#article\",\"isPartOf\":{\"@id\":\"https:\\\/\\\/www.bouquetdalella.com\\\/en\\\/green-pruning-workshop\\\/\"},\"author\":{\"name\":\"Bouquet Alella\",\"@id\":\"https:\\\/\\\/www.bouquetdalella.com\\\/en\\\/#\\\/schema\\\/person\\\/726870fa22653a7029bc5a8074403803\"},\"headline\":\"Green pruning workshop\",\"datePublished\":\"2022-05-03T13:00:31+00:00\",\"dateModified\":\"2022-05-03T13:13:13+00:00\",\"mainEntityOfPage\":{\"@id\":\"https:\\\/\\\/www.bouquetdalella.com\\\/en\\\/green-pruning-workshop\\\/\"},\"wordCount\":90,\"commentCount\":0,\"publisher\":{\"@id\":\"https:\\\/\\\/www.bouquetdalella.com\\\/en\\\/#organization\"},\"image\":{\"@id\":\"https:\\\/\\\/www.bouquetdalella.com\\\/en\\\/green-pruning-workshop\\\/#primaryimage\"},\"thumbnailUrl\":\"https:\\\/\\\/www.bouquetdalella.com\\\/wp-content\\\/uploads\\\/2023\\\/04\\\/post-6-1-1.png\",\"articleSection\":[\"News\"],\"inLanguage\":\"en-US\",\"potentialAction\":[{\"@type\":\"CommentAction\",\"name\":\"Comment\",\"target\":[\"https:\\\/\\\/www.bouquetdalella.com\\\/en\\\/green-pruning-workshop\\\/#respond\"]}]},{\"@type\":\"WebPage\",\"@id\":\"https:\\\/\\\/www.bouquetdalella.com\\\/en\\\/green-pruning-workshop\\\/\",\"url\":\"https:\\\/\\\/www.bouquetdalella.com\\\/en\\\/green-pruning-workshop\\\/\",\"name\":\"Green pruning workshop - Bouquet d&#039;Alella\",\"isPartOf\":{\"@id\":\"https:\\\/\\\/www.bouquetdalella.com\\\/en\\\/#website\"},\"primaryImageOfPage\":{\"@id\":\"https:\\\/\\\/www.bouquetdalella.com\\\/en\\\/green-pruning-workshop\\\/#primaryimage\"},\"image\":{\"@id\":\"https:\\\/\\\/www.bouquetdalella.com\\\/en\\\/green-pruning-workshop\\\/#primaryimage\"},\"thumbnailUrl\":\"https:\\\/\\\/www.bouquetdalella.com\\\/wp-content\\\/uploads\\\/2023\\\/04\\\/post-6-1-1.png\",\"datePublished\":\"2022-05-03T13:00:31+00:00\",\"dateModified\":\"2022-05-03T13:13:13+00:00\",\"breadcrumb\":{\"@id\":\"https:\\\/\\\/www.bouquetdalella.com\\\/en\\\/green-pruning-workshop\\\/#breadcrumb\"},\"inLanguage\":\"en-US\",\"potentialAction\":[{\"@type\":\"ReadAction\",\"target\":[\"https:\\\/\\\/www.bouquetdalella.com\\\/en\\\/green-pruning-workshop\\\/\"]}]},{\"@type\":\"ImageObject\",\"inLanguage\":\"en-US\",\"@id\":\"https:\\\/\\\/www.bouquetdalella.com\\\/en\\\/green-pruning-workshop\\\/#primaryimage\",\"url\":\"https:\\\/\\\/www.bouquetdalella.com\\\/wp-content\\\/uploads\\\/2023\\\/04\\\/post-6-1-1.png\",\"contentUrl\":\"https:\\\/\\\/www.bouquetdalella.com\\\/wp-content\\\/uploads\\\/2023\\\/04\\\/post-6-1-1.png\",\"width\":1080,\"height\":1080},{\"@type\":\"BreadcrumbList\",\"@id\":\"https:\\\/\\\/www.bouquetdalella.com\\\/en\\\/green-pruning-workshop\\\/#breadcrumb\",\"itemListElement\":[{\"@type\":\"ListItem\",\"position\":1,\"name\":\"Inici\",\"item\":\"https:\\\/\\\/www.bouquetdalella.com\\\/en\\\/\"},{\"@type\":\"ListItem\",\"position\":2,\"name\":\"Green pruning workshop\"}]},{\"@type\":\"WebSite\",\"@id\":\"https:\\\/\\\/www.bouquetdalella.com\\\/en\\\/#website\",\"url\":\"https:\\\/\\\/www.bouquetdalella.com\\\/en\\\/\",\"name\":\"Bouquet d&#039;Alella\",\"description\":\"El Celler Bouquet d\u2019Alella neix amb la clara intenci\u00f3 d\u2019explotar dues vessants diferents per\u00f2 complement\u00e0ries en el mon del vi. Per una banda, la producci\u00f3n i venda de vins ecol\u00f2gics de qualitat i per l\u2019altra la promoci\u00f3 de l\u2019enoturisme.\",\"publisher\":{\"@id\":\"https:\\\/\\\/www.bouquetdalella.com\\\/en\\\/#organization\"},\"potentialAction\":[{\"@type\":\"SearchAction\",\"target\":{\"@type\":\"EntryPoint\",\"urlTemplate\":\"https:\\\/\\\/www.bouquetdalella.com\\\/en\\\/?s={search_term_string}\"},\"query-input\":{\"@type\":\"PropertyValueSpecification\",\"valueRequired\":true,\"valueName\":\"search_term_string\"}}],\"inLanguage\":\"en-US\"},{\"@type\":\"Organization\",\"@id\":\"https:\\\/\\\/www.bouquetdalella.com\\\/en\\\/#organization\",\"name\":\"Bouquet d&#039;Alella\",\"url\":\"https:\\\/\\\/www.bouquetdalella.com\\\/en\\\/\",\"logo\":{\"@type\":\"ImageObject\",\"inLanguage\":\"en-US\",\"@id\":\"https:\\\/\\\/www.bouquetdalella.com\\\/en\\\/#\\\/schema\\\/logo\\\/image\\\/\",\"url\":\"https:\\\/\\\/www.bouquetdalella.com\\\/wp-content\\\/uploads\\\/2023\\\/04\\\/cropped-cropped-cropped-logo_bouquet_d_alella-2-300x53-1.png\",\"contentUrl\":\"https:\\\/\\\/www.bouquetdalella.com\\\/wp-content\\\/uploads\\\/2023\\\/04\\\/cropped-cropped-cropped-logo_bouquet_d_alella-2-300x53-1.png\",\"width\":300,\"height\":52,\"caption\":\"Bouquet d&#039;Alella\"},\"image\":{\"@id\":\"https:\\\/\\\/www.bouquetdalella.com\\\/en\\\/#\\\/schema\\\/logo\\\/image\\\/\"}},{\"@type\":\"Person\",\"@id\":\"https:\\\/\\\/www.bouquetdalella.com\\\/en\\\/#\\\/schema\\\/person\\\/726870fa22653a7029bc5a8074403803\",\"name\":\"Bouquet Alella\",\"sameAs\":[\"https:\\\/\\\/www.bouquetdalella.com\"],\"url\":\"https:\\\/\\\/www.bouquetdalella.com\\\/en\\\/author\\\/soportebouquetdalella-com\\\/\"}]}<\/script>\n<!-- \/ Yoast SEO plugin. -->","yoast_head_json":{"title":"Green pruning workshop - Bouquet d&#039;Alella","robots":{"index":"index","follow":"follow","max-snippet":"max-snippet:-1","max-image-preview":"max-image-preview:large","max-video-preview":"max-video-preview:-1"},"canonical":"https:\/\/www.bouquetdalella.com\/en\/green-pruning-workshop\/","og_locale":"en_US","og_type":"article","og_title":"Green pruning workshop - Bouquet d&#039;Alella","og_description":"Each season of the year gives us different colors and shapes to the vineyard. Now that it is the budding season, the burst of green begins timidly and the sun makes the shoots and the first flowers of the vine shine. Green vineyards by the sea&#8230; Don&#8217;t miss out on the life of nature! We [&hellip;]","og_url":"https:\/\/www.bouquetdalella.com\/en\/green-pruning-workshop\/","og_site_name":"Bouquet d&#039;Alella","article_published_time":"2022-05-03T13:00:31+00:00","article_modified_time":"2022-05-03T13:13:13+00:00","og_image":[{"width":1080,"height":1080,"url":"https:\/\/www.bouquetdalella.com\/wp-content\/uploads\/2023\/04\/post-6-1-1.png","type":"image\/png"}],"author":"Bouquet Alella","twitter_card":"summary_large_image","twitter_misc":{"Written by":"Bouquet Alella","Est. reading time":"1 minute"},"schema":{"@context":"https:\/\/schema.org","@graph":[{"@type":"Article","@id":"https:\/\/www.bouquetdalella.com\/en\/green-pruning-workshop\/#article","isPartOf":{"@id":"https:\/\/www.bouquetdalella.com\/en\/green-pruning-workshop\/"},"author":{"name":"Bouquet Alella","@id":"https:\/\/www.bouquetdalella.com\/en\/#\/schema\/person\/726870fa22653a7029bc5a8074403803"},"headline":"Green pruning workshop","datePublished":"2022-05-03T13:00:31+00:00","dateModified":"2022-05-03T13:13:13+00:00","mainEntityOfPage":{"@id":"https:\/\/www.bouquetdalella.com\/en\/green-pruning-workshop\/"},"wordCount":90,"commentCount":0,"publisher":{"@id":"https:\/\/www.bouquetdalella.com\/en\/#organization"},"image":{"@id":"https:\/\/www.bouquetdalella.com\/en\/green-pruning-workshop\/#primaryimage"},"thumbnailUrl":"https:\/\/www.bouquetdalella.com\/wp-content\/uploads\/2023\/04\/post-6-1-1.png","articleSection":["News"],"inLanguage":"en-US","potentialAction":[{"@type":"CommentAction","name":"Comment","target":["https:\/\/www.bouquetdalella.com\/en\/green-pruning-workshop\/#respond"]}]},{"@type":"WebPage","@id":"https:\/\/www.bouquetdalella.com\/en\/green-pruning-workshop\/","url":"https:\/\/www.bouquetdalella.com\/en\/green-pruning-workshop\/","name":"Green pruning workshop - Bouquet d&#039;Alella","isPartOf":{"@id":"https:\/\/www.bouquetdalella.com\/en\/#website"},"primaryImageOfPage":{"@id":"https:\/\/www.bouquetdalella.com\/en\/green-pruning-workshop\/#primaryimage"},"image":{"@id":"https:\/\/www.bouquetdalella.com\/en\/green-pruning-workshop\/#primaryimage"},"thumbnailUrl":"https:\/\/www.bouquetdalella.com\/wp-content\/uploads\/2023\/04\/post-6-1-1.png","datePublished":"2022-05-03T13:00:31+00:00","dateModified":"2022-05-03T13:13:13+00:00","breadcrumb":{"@id":"https:\/\/www.bouquetdalella.com\/en\/green-pruning-workshop\/#breadcrumb"},"inLanguage":"en-US","potentialAction":[{"@type":"ReadAction","target":["https:\/\/www.bouquetdalella.com\/en\/green-pruning-workshop\/"]}]},{"@type":"ImageObject","inLanguage":"en-US","@id":"https:\/\/www.bouquetdalella.com\/en\/green-pruning-workshop\/#primaryimage","url":"https:\/\/www.bouquetdalella.com\/wp-content\/uploads\/2023\/04\/post-6-1-1.png","contentUrl":"https:\/\/www.bouquetdalella.com\/wp-content\/uploads\/2023\/04\/post-6-1-1.png","width":1080,"height":1080},{"@type":"BreadcrumbList","@id":"https:\/\/www.bouquetdalella.com\/en\/green-pruning-workshop\/#breadcrumb","itemListElement":[{"@type":"ListItem","position":1,"name":"Inici","item":"https:\/\/www.bouquetdalella.com\/en\/"},{"@type":"ListItem","position":2,"name":"Green pruning workshop"}]},{"@type":"WebSite","@id":"https:\/\/www.bouquetdalella.com\/en\/#website","url":"https:\/\/www.bouquetdalella.com\/en\/","name":"Bouquet d&#039;Alella","description":"El Celler Bouquet d\u2019Alella neix amb la clara intenci\u00f3 d\u2019explotar dues vessants diferents per\u00f2 complement\u00e0ries en el mon del vi. Per una banda, la producci\u00f3n i venda de vins ecol\u00f2gics de qualitat i per l\u2019altra la promoci\u00f3 de l\u2019enoturisme.","publisher":{"@id":"https:\/\/www.bouquetdalella.com\/en\/#organization"},"potentialAction":[{"@type":"SearchAction","target":{"@type":"EntryPoint","urlTemplate":"https:\/\/www.bouquetdalella.com\/en\/?s={search_term_string}"},"query-input":{"@type":"PropertyValueSpecification","valueRequired":true,"valueName":"search_term_string"}}],"inLanguage":"en-US"},{"@type":"Organization","@id":"https:\/\/www.bouquetdalella.com\/en\/#organization","name":"Bouquet d&#039;Alella","url":"https:\/\/www.bouquetdalella.com\/en\/","logo":{"@type":"ImageObject","inLanguage":"en-US","@id":"https:\/\/www.bouquetdalella.com\/en\/#\/schema\/logo\/image\/","url":"https:\/\/www.bouquetdalella.com\/wp-content\/uploads\/2023\/04\/cropped-cropped-cropped-logo_bouquet_d_alella-2-300x53-1.png","contentUrl":"https:\/\/www.bouquetdalella.com\/wp-content\/uploads\/2023\/04\/cropped-cropped-cropped-logo_bouquet_d_alella-2-300x53-1.png","width":300,"height":52,"caption":"Bouquet d&#039;Alella"},"image":{"@id":"https:\/\/www.bouquetdalella.com\/en\/#\/schema\/logo\/image\/"}},{"@type":"Person","@id":"https:\/\/www.bouquetdalella.com\/en\/#\/schema\/person\/726870fa22653a7029bc5a8074403803","name":"Bouquet Alella","sameAs":["https:\/\/www.bouquetdalella.com"],"url":"https:\/\/www.bouquetdalella.com\/en\/author\/soportebouquetdalella-com\/"}]}},"_links":{"self":[{"href":"https:\/\/www.bouquetdalella.com\/en\/wp-json\/wp\/v2\/posts\/12295","targetHints":{"allow":["GET"]}}],"collection":[{"href":"https:\/\/www.bouquetdalella.com\/en\/wp-json\/wp\/v2\/posts"}],"about":[{"href":"https:\/\/www.bouquetdalella.com\/en\/wp-json\/wp\/v2\/types\/post"}],"author":[{"embeddable":true,"href":"https:\/\/www.bouquetdalella.com\/en\/wp-json\/wp\/v2\/users\/1"}],"replies":[{"embeddable":true,"href":"https:\/\/www.bouquetdalella.com\/en\/wp-json\/wp\/v2\/comments?post=12295"}],"version-history":[{"count":0,"href":"https:\/\/www.bouquetdalella.com\/en\/wp-json\/wp\/v2\/posts\/12295\/revisions"}],"wp:featuredmedia":[{"embeddable":true,"href":"https:\/\/www.bouquetdalella.com\/en\/wp-json\/wp\/v2\/media\/6190"}],"wp:attachment":[{"href":"https:\/\/www.bouquetdalella.com\/en\/wp-json\/wp\/v2\/media?parent=12295"}],"wp:term":[{"taxonomy":"category","embeddable":true,"href":"https:\/\/www.bouquetdalella.com\/en\/wp-json\/wp\/v2\/categories?post=12295"},{"taxonomy":"post_tag","embeddable":true,"href":"https:\/\/www.bouquetdalella.com\/en\/wp-json\/wp\/v2\/tags?post=12295"}],"curies":[{"name":"wp","href":"https:\/\/api.w.org\/{rel}","templated":true}]}}